{"id":7676,"date":"2017-06-14T17:07:28","date_gmt":"2017-06-14T15:07:28","guid":{"rendered":"http:\/\/martherobin.urlprovisoire.net\/2017\/06\/14\/kto-emission-marthe-robin-son-impact-dans-l-eglise\/"},"modified":"2017-06-14T17:07:28","modified_gmt":"2017-06-14T15:07:28","slug":"kto-emission-marthe-robin-son-impact-dans-l-eglise","status":"publish","type":"post","link":"https:\/\/www.martherobin.com\/es\/2017\/06\/14\/kto-emission-marthe-robin-son-impact-dans-l-eglise\/","title":{"rendered":"\u00abMarthe Robin : son impact dans l&#8217;Eglise\u00bb (\u00e9mission sur KTO)"},"content":{"rendered":"<h4>Emission \u00abLa foi prise au mot\u00bb diffus\u00e9e le 4 juin 2017 sur KTO<\/h4>\n<h3>\u00abMarthe Robin : son impact et son rayonnement dans l&#8217;Eglise\u00bb<\/h3>\n<p>A la demande de nombreux t\u00e9l\u00e9spectateurs, nous allons parler, \u00e0 nouveau dans <strong>\u00abla Foi prise au mot\u00bb<\/strong>, de Marthe Robin. Cette mystique de Ch\u00e2teauneuf-de-Galaure, dans la Dr\u00f4me, morte il y a une trentaine d\u00b4ann\u00e9es, nous impressionne vraiment ! Alors nous vous proposons de la retrouver et de nous attarder, non pas sur sa vie, comme nous l\u00b4avons fait il y a quelque temps, mais sur sa post\u00e9rit\u00e9. Quelle fut sa vision de Dieu et du monde ? En quoi est-elle importante aujourd\u00b4hui ? Quels mouvements de chr\u00e9tiens poursuivent son t\u00e9moignage et sa pens\u00e9e ?<\/p>\n<p>Pour r\u00e9pondre \u00e0 ces questions, deux invit\u00e9s : Honorine Grasset, porte-parole des Foyers de Charit\u00e9, et le p\u00e8re Bernard Peyrous, pr\u00eatre, membre de la Communaut\u00e9 de l\u00b4Emmanuel, postulateur de la cause en b\u00e9atification de Marthe Robin.<\/p>\n<p><iframe loading=\"lazy\" src=\"https:\/\/www.youtube.com\/embed\/ttVm4Qbdcvg?rel=0\" width=\"560\" height=\"315\" frameborder=\"0\" allowfullscreen=\"allowfullscreen\"><\/iframe><\/p>\n<h4>La foi prise au mot (KTO &#8211; T\u00e9l\u00e9vision Catholique) \/ \u00e9mission diffus\u00e9e le 04-06-2017<\/h4>\n<ul>\n<li><strong><a href=\"http:\/\/www.ktotv.com\/video\/00150520\/marthe-robin-son-impact-dans-l-eglise\" target=\"_blank\" rel=\"noopener noreferrer\">Voir l&#8217;\u00e9mission sur le site officiel de KTO<\/a><\/strong><\/li>\n<\/ul>\n","protected":false},"excerpt":{"rendered":"Emission \u00abLa foi prise au mot\u00bb diffus\u00e9e le 4 juin 2017 sur KTO \u00abMarthe Robin : son impact et son rayonnement dans l&#8217;Eglise\u00bb A la demande de nombreux t\u00e9l\u00e9spectateurs, nous allons parler, \u00e0 nouveau dans \u00abla Foi prise au mot\u00bb, de Marthe Robin. Cette mystique de Ch\u00e2teauneuf-de-Galaure, dans la Dr\u00f4me, morte il y a une&#8230; <a class=\"view-article\" href=\"https:\/\/www.martherobin.com\/es\/2017\/06\/14\/kto-emission-marthe-robin-son-impact-dans-l-eglise\/\">Ver art\u00edculo<\/a>","protected":false},"author":6,"featured_media":5811,"comment_status":"closed","ping_status":"closed","sticky":false,"template":"","format":"standard","meta":{"footnotes":""},"categories":[248],"tags":[249,250,251,252],"class_list":["post-7676","post","type-post","status-publish","format-standard","has-post-thumbnail","hentry","category-video-es","tag-eglise-es","tag-emission-es","tag-kto-es","tag-television-es"],"_links":{"self":[{"href":"https:\/\/www.martherobin.com\/es\/wp-json\/wp\/v2\/posts\/7676","targetHints":{"allow":["GET"]}}],"collection":[{"href":"https:\/\/www.martherobin.com\/es\/wp-json\/wp\/v2\/posts"}],"about":[{"href":"https:\/\/www.martherobin.com\/es\/wp-json\/wp\/v2\/types\/post"}],"author":[{"embeddable":true,"href":"https:\/\/www.martherobin.com\/es\/wp-json\/wp\/v2\/users\/6"}],"replies":[{"embeddable":true,"href":"https:\/\/www.martherobin.com\/es\/wp-json\/wp\/v2\/comments?post=7676"}],"version-history":[{"count":0,"href":"https:\/\/www.martherobin.com\/es\/wp-json\/wp\/v2\/posts\/7676\/revisions"}],"wp:featuredmedia":[{"embeddable":true,"href":"https:\/\/www.martherobin.com\/es\/wp-json\/wp\/v2\/media\/5811"}],"wp:attachment":[{"href":"https:\/\/www.martherobin.com\/es\/wp-json\/wp\/v2\/media?parent=7676"}],"wp:term":[{"taxonomy":"category","embeddable":true,"href":"https:\/\/www.martherobin.com\/es\/wp-json\/wp\/v2\/categories?post=7676"},{"taxonomy":"post_tag","embeddable":true,"href":"https:\/\/www.martherobin.com\/es\/wp-json\/wp\/v2\/tags?post=7676"}],"curies":[{"name":"wp","href":"https:\/\/api.w.org\/{rel}","templated":true}]}}