{"id":7670,"date":"2018-02-06T10:41:32","date_gmt":"2018-02-06T09:41:32","guid":{"rendered":"http:\/\/martherobin.urlprovisoire.net\/2018\/02\/06\/ce-que-marthe-robin-dirait-a-un-jeune\/"},"modified":"2018-02-06T10:41:32","modified_gmt":"2018-02-06T09:41:32","slug":"ce-que-marthe-robin-dirait-a-un-jeune","status":"publish","type":"post","link":"https:\/\/www.martherobin.com\/es\/2018\/02\/06\/ce-que-marthe-robin-dirait-a-un-jeune\/","title":{"rendered":"Ce que Marthe Robin dirait \u00e0 un jeune&#8230;"},"content":{"rendered":"<h2>Il y a 37 ans, un anniversaire&#8230;<\/h2>\n<p>Article publi\u00e9 le\u00a0<span class=\"date\"><time class=\"entry-date\" datetime=\"2018-02-05T17:14:49+00:00\">5 f\u00e9vrier 2018 sur <a href=\"https:\/\/fr.zenit.org\/articles\/ce-que-marthe-robin-dirait-a-un-jeune\/\" target=\"_blank\" rel=\"noopener\">ZENIT<\/a>, par\u00a0<\/time><\/span><span class=\"author\"><a class=\"entry-author-link\" title=\"View all posts by Anita Bourdin\" href=\"https:\/\/fr.zenit.org\/articles\/author\/anitabourdin\/\" rel=\"author\">Anita Bourdin<br \/>\n<\/a><\/span><span class=\"categories-links\"><a href=\"https:\/\/fr.zenit.org\/articles\/category\/entretien\/\" rel=\"category tag\">Entretien<\/a>, <a href=\"https:\/\/fr.zenit.org\/articles\/category\/temoins-de-la-foi\/\" rel=\"category tag\">T\u00e9moins de la foi<\/a><\/span><\/p>\n<h4>A l\u2019occasion de l\u2019anniversaire de l\u2019entr\u00e9e au Ciel de la V\u00e9n\u00e9rable <a href=\"http:\/\/www.martherobin.com\">Marthe Robin<\/a>, n\u00e9e en 1902 et d\u00e9c\u00e9d\u00e9e le 6 f\u00e9vrier 1981, le p\u00e8re Mo\u00efse Ndione, Mod\u00e9rateur de l\u2019\u0153uvre des Foyers de Charit\u00e9, \u00e9voque cette grande mystique fran\u00e7aise, fondatrice des Foyers, tout en n\u2019ayant jamais quitt\u00e9 la ferme de Ch\u00e2teauneuf-de-Galaure, dans la Dr\u00f4me (France). Sur le chemin du synode, elle a quelque chose \u00e0 dire aux jeunes. Sa cause de b\u00e9atification avance \u00e0 Rome.<\/h4>\n<p><strong>Qu\u2019a donc fait <a href=\"http:\/\/www.martherobin.com\">Marthe Robin<\/a> de si extraordinaire qu\u2019elle soit aujourd\u2019hui encore cit\u00e9e comme l\u2019une des figures spirituelles les plus importantes de son si\u00e8cle?<\/strong><\/p>\n<p><strong>P.\u00a0<\/strong><strong>Mo\u00efse Ndione \u2013<\/strong> En fait, la question se pose autrement : ce n\u2019est pas ce que Marthe Robin a \u00ab\u00a0fait\u00a0\u00bb qui la rend si exceptionnelle, mais ce que Marthe a \u00e9t\u00e9.<\/p>\n<p>Rien ne pr\u00e9disposait cette jeune femme de la campagne dr\u00f4moise \u00e0 devenir un des personnages centraux du renouveau spirituel de l\u2019Eglise en France. N\u00e9e en 1902 et traversant le XXe si\u00e8cle, Marthe Robin a rayonn\u00e9 d\u2019un amour qui transfigurait son existence. En 79 ann\u00e9es d\u2019une vie marqu\u00e9e par la maladie et une paralysie progressive de tout son corps, elle t\u00e9moigne que l\u2019amour est plus fort que la souffrance. L\u2019union intense au Christ dans sa Passion l\u2019a rendue participante \u00e0 son \u0153uvre de Salut pour les hommes. Plus de 100.000 visiteurs se sont press\u00e9s \u00e0 son chevet, touch\u00e9s par son c\u0153ur aimant, attentif, qui donnait Dieu et qui conduisait \u00e0 lui, tout simplement.<\/p>\n<p>L\u2019h\u00e9ritage de Marthe Robin est consid\u00e9rable. Il est visible aujourd\u2019hui \u00e0 travers de nombreuses communaut\u00e9s ou mouvements dans l\u2019\u00c9glise, mais plus particuli\u00e8rement encore \u00e0 travers les Foyers de Charit\u00e9, communaut\u00e9s fond\u00e9es en 1936 avec le p\u00e8re Georges Finet. Des milliers de p\u00e8lerins viennent aussi se recueillir dans la petite ferme de Ch\u00e2teauneuf-de-Galaure o\u00f9 elle a v\u00e9cu.<\/p>\n<p><strong>Clou\u00e9e au lit par la maladie, son rayonnement est impressionnant\u2026<\/strong><\/p>\n<p>Atteinte pendant soixante-trois ans par une maladie douloureuse et lourdement handicapante, Marthe Robin n\u2019a jamais pu quitter la chambre de sa maison natale de Ch\u00e2teauneuf-de Galaure, dans la Dr\u00f4me, et pourtant des milliers de gens aux quatre coins du monde s\u2019inspirent de son exemple et trouvent dans la voie spirituelle qu\u2019elle a ouverte une nourriture pour leur vie. Un paradoxe qu\u2019on peut rapprocher de celui v\u00e9cu par Sainte Th\u00e9r\u00e8se de l\u2019Enfant-J\u00e9sus et de la Sainte Face (la \u201cPetite Th\u00e9r\u00e8se\u201d de Lisieux) qui, n\u2019\u00e9tant jamais sortie de son couvent, est devenue la patronne des missionnaires.<\/p>\n<p>Marthe a beaucoup souffert, et longtemps : l\u2019enc\u00e9phalite qui l\u2019a frapp\u00e9e progressait r\u00e9guli\u00e8rement, \u00e0 une \u00e9poque o\u00f9 les antalgiques \u00e9taient bien moins d\u00e9velopp\u00e9s qu\u2019aujourd\u2019hui. Elle a su transformer cette douleur en empathie pour les autres, et des milliers de personnes sont venues trouver aupr\u00e8s d\u2019elle une consolation. Beaucoup d\u2019entre eux ont m\u00eame v\u00e9cu une authentique exp\u00e9rience de conversion.<\/p>\n<p>De l\u2019ext\u00e9rieur, la vie de Marthe semble inutile et, pire encore, absurde : mais l\u2019\u0153uvre qu\u2019elle a fond\u00e9e, dont les Foyers de Charit\u00e9 ne sont que la partie la plus visible, laisse derri\u00e8re elle un sillage de lumi\u00e8re qui \u00e9claire et rayonne aujourd\u2019hui encore. La puissance de Dieu s\u2019est d\u00e9ploy\u00e9e dans sa faiblesse et sa fragilit\u00e9.<\/p>\n<p><strong>D\u2019o\u00f9 lui venait ce grand d\u00e9sir d\u2019\u00e9vang\u00e9lisation\u00a0?<\/strong><\/p>\n<p><em>\u00ab Je t\u2019ai choisie pour ranimer dans le monde l\u2019amour qui s\u2019\u00e9teint \u00bb<\/em>\u2026 Cette parole du Christ dite au c\u0153ur de Marthe Robin r\u00e9sume sa mission, celle de r\u00e9v\u00e9ler l\u2019Amour inconditionnel de Dieu pour chacun.<\/p>\n<p>Missionnaire immobile, elle participe activement par sa pri\u00e8re et son rayonnement \u00e0 la nouvelle \u00e9vang\u00e9lisation d\u2019un monde qui a tant besoin d\u2019\u00eatre embras\u00e9 par une \u00ab nouvelle Pentec\u00f4te d\u2019amour \u00bb. Les intuitions qu\u2019elle a eues bien avant le Concile Vatican II ont depuis germ\u00e9 et d\u00e9velopp\u00e9 des charismes, \u00e0 tel point qu\u2019on consid\u00e8re Marthe comme un des \u00ab ap\u00f4tres de la nouvelle \u00e9vang\u00e9lisation \u00bb. Elle br\u00fble d\u2019annoncer \u00e0 tous la Bonne Nouvelle\u00a0: <em>\u00ab Je voudrais \u00eatre partout \u00e0 la fois pour dire et redire au monde combien le Bon Dieu est bon, combien il aime les hommes, et se montre pour tous tendre et compatissant. \u00bb<\/em><\/p>\n<p>Marthe est un ap\u00f4tre ardent qui r\u00e9v\u00e8le \u00e0 ceux qui l\u2019approchent le visage tendre et compatissant de Dieu comme P\u00e8re, un Dieu aimant proche de chaque homme. L\u2019esp\u00e9rance qui l\u2019anime est contagieuse, alors m\u00eame que son avenir \u00e9tait si fragile.<\/p>\n<p><strong>Quel est le c\u0153ur de son message\u00a0?<\/strong><\/p>\n<p>Le message de Marthe Robin est original \u00e0 bien des \u00e9gards, tout en \u00e9tant profond\u00e9ment enracin\u00e9 dans la tradition de l\u2019Eglise.<\/p>\n<p>Tout d\u2019abord, il y a la proximit\u00e9 que Dieu d\u00e9sire avec tout homme, quel que soit son parcours et ses p\u00e9ch\u00e9s. J\u00e9sus, Fils aimant, est Fr\u00e8re de tous. En incarnant l\u2019amour du Christ pour ceux qui venaient la voir, Marthe a permis \u00e0 des milliers d\u2019\u00e2mes de se laisser toucher par cet amour. La proximit\u00e9 avec le Fils conduit \u00e0 la proximit\u00e9 avec le P\u00e8re, \u00e0 travers l\u2019Esprit Saint.<\/p>\n<p>Ensuite, la force de cet amour s\u2019est donn\u00e9 \u00e0 voir dans un corps martyris\u00e9 par la souffrance. La vie de Marthe rappelle que le chemin de P\u00e2ques passe par la Croix, mais que <em>\u201ctoutes nos croix, J\u00e9sus veut les fleurir.\u201d<\/em><\/p>\n<p>Enfin, Marthe est l\u2019\u00e9tincelle d\u2019une \u00ab Nouvelle Pentec\u00f4te d\u2019amour \u00bb sur le monde, \u00e0 travers l\u2019apostolat des la\u00efcs qu\u2019elle a inlassablement contribu\u00e9 \u00e0 former aux plans intellectuel et spirituel, \u00e0 travers notamment les Foyers de Charit\u00e9 ; mais son rayonnement va au-del\u00e0, dans de nombreuses communaut\u00e9s nouvelles ou initiatives de la\u00efcs qui se r\u00e9clament d\u2019elle.<\/p>\n<p><strong>Que dirait-elle \u00e0 un jeune qui cherche sa vocation ?<\/strong><\/p>\n<p>Peut-\u00eatre l\u2019inviterait-elle d\u2019abord \u00e0 approfondir sa relation avec Dieu dans la pri\u00e8re\u2026 Parfois, lorsque ses \u00ab\u00a0visiteurs\u00a0\u00bb venaient chercher aupr\u00e8s d\u2019elle des lumi\u00e8res pour telle ou telle d\u00e9cision \u00e0 prendre, elle n\u2019h\u00e9sitait pas \u00e0 les renvoyer \u00e0 la pr\u00e9sence du Saint-Esprit en eux, qui est l\u00e0 pour les conseiller, pour les \u00e9clairer : <em>\u00ab Je n\u2019ai pas pour mission de me substituer au Saint-Esprit, a-t-elle dit un jour \u00e0 l\u2019un d\u2019eux, par contre vous devez vous habituer \u00e0 rechercher avec le Saint-Esprit les solutions conformes aux volont\u00e9s de Dieu. \u00bb<\/em><\/p>\n<p>Marthe Robin a beaucoup pri\u00e9 pour les vocations\u00a0: celles des pr\u00eatres, des religieux, des nouvelles formes de vies communautaires, mais aussi pour l\u2019apostolat des la\u00efcs au c\u0153ur du monde, pour les couples et les familles\u2026<\/p>\n<p>Elle ne cessait de parler de la grandeur du bapt\u00eame qui est dans la vie de chaque chr\u00e9tien le commencement de ce qu\u2019elle appelle la <em>\u00ab vie intime avec Dieu \u00bb<\/em>. A un pr\u00eatre venu la rencontrer, Marthe laissait entendre combien tout changerait si on acceptait de vivre consciemment avec la Sainte Trinit\u00e9, d\u2019entretenir une relation simple, vivante, affectueuse avec le P\u00e8re, le Fils et le Saint-Esprit. <em>\u00ab Il est avec vous, il est en vous \u00bb<\/em> disait-elle souvent.<\/p>\n<p>A ce jeune, Marthe rappellerait aussi la beaut\u00e9 du silence dans lequel on peut entendre la voix de Dieu et discerner ses appels. Elle conseillerait certainement d\u2019aller faire l\u2019exp\u00e9rience d\u2019une retraite spirituelle\u2026 et pourquoi pas dans un des 78 Foyers de Charit\u00e9 pr\u00e9sents dans le monde\u00a0!<\/p>\n<p><strong>O\u00f9 en est la cause de b\u00e9atification de Marthe?<\/strong><\/p>\n<p>Marthe Robin a \u00e9t\u00e9 proclam\u00e9e \u00ab v\u00e9n\u00e9rable \u00bb en novembre 2014 par le Pape Fran\u00e7ois\u2026 La reconnaissance de \u00ab l\u2019h\u00e9ro\u00efcit\u00e9 des vertus \u00bb de Marthe par le pape Fran\u00e7ois est une \u00e9tape d\u00e9cisive dans sa cause de b\u00e9atification. Un dossier pr\u00e9sentant une gu\u00e9rison inexplicable obtenue par son intercession a \u00e9t\u00e9 d\u00e9pos\u00e9 et est en cours d\u2019\u00e9tude \u00e0 Rome. Nous attendons dans la confiance le jugement de l\u2019Eglise, au temps voulu par Dieu.<\/p>\n<p>A Ch\u00e2teauneuf-de-Galaure, pr\u00e8s de 40.000 personnes viennent chaque ann\u00e9e prier et se recueillir dans la chambre o\u00f9 elle a v\u00e9cu. Mais la r\u00e9putation de saintet\u00e9 de Marthe est r\u00e9pandue dans le monde entier, bien au-del\u00e0 des Foyers de Charit\u00e9. De nombreux t\u00e9moignages de gr\u00e2ces et de faveurs obtenues par son intercession continuent de nous parvenir. Que nos lecteurs n\u2019h\u00e9sitent pas \u00e0 la prier avec foi\u00a0!<\/p>\n<p><strong>Source de la publication : ZENIT &#8211; Le monde vu de Rome<\/strong><\/p>\n<blockquote class=\"wp-embedded-content\" data-secret=\"oUqonACrnG\"><p><a href=\"https:\/\/fr.zenit.org\/articles\/ce-que-marthe-robin-dirait-a-un-jeune\/\">Ce que Marthe Robin dirait \u00e0 un jeune\u2026<\/a><\/p><\/blockquote>\n<p><iframe loading=\"lazy\" class=\"wp-embedded-content\" sandbox=\"allow-scripts\" security=\"restricted\" style=\"position: absolute; clip: rect(1px, 1px, 1px, 1px);\" src=\"https:\/\/fr.zenit.org\/articles\/ce-que-marthe-robin-dirait-a-un-jeune\/embed\/#?secret=oUqonACrnG\" data-secret=\"oUqonACrnG\" width=\"600\" height=\"338\" title=\"&laquo;&nbsp;Ce que Marthe Robin dirait \u00e0 un jeune\u2026&nbsp;&raquo; &#8212; ZENIT - Francais\" frameborder=\"0\" marginwidth=\"0\" marginheight=\"0\" scrolling=\"no\"><\/iframe><\/p>\n<p>&nbsp;<\/p>\n","protected":false},"excerpt":{"rendered":"Il y a 37 ans, un anniversaire&#8230; Article publi\u00e9 le\u00a05 f\u00e9vrier 2018 sur ZENIT, par\u00a0Anita Bourdin Entretien, T\u00e9moins de la foi A l\u2019occasion de l\u2019anniversaire de l\u2019entr\u00e9e au Ciel de la V\u00e9n\u00e9rable Marthe Robin, n\u00e9e en 1902 et d\u00e9c\u00e9d\u00e9e le 6 f\u00e9vrier 1981, le p\u00e8re Mo\u00efse Ndione, Mod\u00e9rateur de l\u2019\u0153uvre des Foyers de Charit\u00e9, \u00e9voque&#8230; <a class=\"view-article\" href=\"https:\/\/www.martherobin.com\/es\/2018\/02\/06\/ce-que-marthe-robin-dirait-a-un-jeune\/\">Ver art\u00edculo<\/a>","protected":false},"author":6,"featured_media":5355,"comment_status":"closed","ping_status":"closed","sticky":false,"template":"","format":"standard","meta":{"footnotes":""},"categories":[232],"tags":[233,234,235],"class_list":["post-7670","post","type-post","status-publish","format-standard","has-post-thumbnail","hentry","category-interview-es","tag-6-fevrier-es","tag-jeunes-es","tag-pere-moise-ndione-es"],"_links":{"self":[{"href":"https:\/\/www.martherobin.com\/es\/wp-json\/wp\/v2\/posts\/7670","targetHints":{"allow":["GET"]}}],"collection":[{"href":"https:\/\/www.martherobin.com\/es\/wp-json\/wp\/v2\/posts"}],"about":[{"href":"https:\/\/www.martherobin.com\/es\/wp-json\/wp\/v2\/types\/post"}],"author":[{"embeddable":true,"href":"https:\/\/www.martherobin.com\/es\/wp-json\/wp\/v2\/users\/6"}],"replies":[{"embeddable":true,"href":"https:\/\/www.martherobin.com\/es\/wp-json\/wp\/v2\/comments?post=7670"}],"version-history":[{"count":0,"href":"https:\/\/www.martherobin.com\/es\/wp-json\/wp\/v2\/posts\/7670\/revisions"}],"wp:featuredmedia":[{"embeddable":true,"href":"https:\/\/www.martherobin.com\/es\/wp-json\/wp\/v2\/media\/5355"}],"wp:attachment":[{"href":"https:\/\/www.martherobin.com\/es\/wp-json\/wp\/v2\/media?parent=7670"}],"wp:term":[{"taxonomy":"category","embeddable":true,"href":"https:\/\/www.martherobin.com\/es\/wp-json\/wp\/v2\/categories?post=7670"},{"taxonomy":"post_tag","embeddable":true,"href":"https:\/\/www.martherobin.com\/es\/wp-json\/wp\/v2\/tags?post=7670"}],"curies":[{"name":"wp","href":"https:\/\/api.w.org\/{rel}","templated":true}]}}