{"id":7707,"date":"2016-10-08T14:37:04","date_gmt":"2016-10-08T12:37:04","guid":{"rendered":"http:\/\/martherobin.urlprovisoire.net\/2016\/10\/08\/groupes-de-priere-a-paris-clermont-ferrand-et-beziers\/"},"modified":"2019-07-22T15:34:57","modified_gmt":"2019-07-22T13:34:57","slug":"groupes-de-priere-a-paris-clermont-ferrand-et-beziers","status":"publish","type":"post","link":"https:\/\/www.martherobin.com\/en\/2016\/10\/08\/groupes-de-priere-a-paris-clermont-ferrand-et-beziers\/","title":{"rendered":"Groupes de pri\u00e8re \u00e0 Paris, Clermont-Ferrand et B\u00e9ziers"},"content":{"rendered":"<p>Dans plusieurs villes de France, \u00e0 <span class=\"texte-grand\">Paris<\/span>, \u00e0 <span class=\"texte-grand\">Clermont-Ferrand<\/span> et \u00e0 <span class=\"texte-grand\">B\u00e9ziers<\/span>, des groupes de pri\u00e8re se sont constitu\u00e9s pour \u00ab\u00a0prier avec Marthe Robin\u00a0\u00bb<\/p>\n<h2>Prier \u00e0 Paris avec Marthe Robin \u2013 dates des rencontres en 2016-2017 :<\/h2>\n<p class=\"\"><a href=\"https:\/\/www.martherobin.com\/wp-content\/uploads\/2016\/09\/PICT1085-250x166.jpg\"><img loading=\"lazy\" decoding=\"async\" width=\"250\" height=\"166\" class=\"alignleft size-medium wp-image-4240\" src=\"https:\/\/www.martherobin.com\/wp-content\/uploads\/2016\/09\/PICT1085-250x166.jpg\" alt=\"\" srcset=\"https:\/\/www.martherobin.com\/wp-content\/uploads\/2016\/09\/PICT1085-250x166.jpg 250w, https:\/\/www.martherobin.com\/wp-content\/uploads\/2016\/09\/PICT1085-768x511.jpg 768w, https:\/\/www.martherobin.com\/wp-content\/uploads\/2016\/09\/PICT1085-700x465.jpg 700w, https:\/\/www.martherobin.com\/wp-content\/uploads\/2016\/09\/PICT1085-120x80.jpg 120w\" sizes=\"auto, (max-width: 250px) 100vw, 250px\" \/><\/a>Le groupe \u00ab\u00a0Prier \u00e0 Paris avec Marthe Robin\u00a0\u00bb se rassemble un mercredi par mois \u00e0 la <b>paroisse St Christophe de Javel, 28 rue de la Convention <\/b>dans le 15e arrondissement.<\/p>\n<p class=\"\">L\u2019objectif de ce groupe est de prier, en union avec Marthe, \u00e0 toutes les intentions des Foyers de Charit\u00e9.<\/p>\n<p class=\"\">Rencontres les mercredis de 20h30 \u00e0 22h<\/p>\n<p>L\u2019objectif de cette soir\u00e9e est de prier le chapelet avec Marthe Robin, en union avec tous les membres des Foyers de Charit\u00e9.<\/p>\n<p class=\"\"><u>Dates : <\/u><\/p>\n<p class=\"\">11 septembre, 9 octobre, 13 novembre, 11 d\u00e9cembre 2019<\/p>\n<p class=\"\">15 janvier, 5 f\u00e9vrier, 11 mars, 1<sup>er<\/sup> avril, 13 mai, 10 juin 2020<\/p>\n<p class=\"\"><u>D\u00e9roulement :<\/u><\/p>\n<p class=\"\">\u2013 Pri\u00e8re \u00e0 l\u2019Esprit Saint<br \/>\n\u2013 Temps de rencontre avec Marthe \u00e0 partir de t\u00e9moignages ou d\u2019ouvrages la concernant.<br \/>\nExposition du Saint Sacrement<br \/>\n\u2013 Temps de silence<br \/>\n\u2013 Partage des intentions de pri\u00e8re<br \/>\n\u2013 Chapelet m\u00e9dit\u00e9.<br \/>\n\u2013 Pri\u00e8re de cons\u00e9cration \u00e0 J\u00e9sus par Marie, de St Louis-Marie Grignion de Montfort<\/p>\n<p class=\"\"><u>Contacts :<\/u><\/p>\n<p class=\"\">C\u00e9cile MOREL\u00a0\u00a0 &#x63;e&#x63;&#105;l&#x65;&#109;&#x6f;&#x72;e&#x6c;&#112;a&#x72;&#105;&#x73;&#64;g&#x6d;&#97;i&#x6c;&#46;&#x63;&#111;m \u00a006 14 64 77 75<\/p>\n<p>Than NGUYEN DUY\u00a0\u00a0 <a href=\"&#109;&#x61;&#105;&#x6c;&#116;&#x6f;&#58;&#x61;&#109;&#x6f;&#100;&#x75;&#121;&#x40;&#103;&#x6d;&#97;&#x69;&#108;&#x2e;&#99;&#x6f;&#109;\">&#x61;&#109;&#x6f;&#x64;u&#x79;&#64;g&#x6d;&#97;i&#x6c;&#46;&#x63;&#x6f;m<\/a>\u00a0 06 28 34 45 78<\/p>\n<p>&nbsp;<\/p>\n<p class=\"\"><u>Lieu :<\/u><\/p>\n<p class=\"\">Paroisse Catholique Saint Christophe de Javel<br \/>\n<a href=\"http:\/\/www.scjavel.net\/\">www.scjavel.net<\/a><br \/>\n28 rue de la Convention, 75015 Paris \u2013 Tel 01 45 78 33 70<\/p>\n<p>&nbsp;<\/p>\n<h2>Prier \u00e0 Clermont-Ferrand avec Marthe Robin \u2013 dates des rencontres en\u00a02016-2017\u00a0:<\/h2>\n<p class=\"\"><a href=\"https:\/\/www.martherobin.com\/wp-content\/uploads\/2016\/09\/PICT1080-250x166.jpg\"><img loading=\"lazy\" decoding=\"async\" width=\"250\" height=\"166\" class=\"alignleft size-medium wp-image-4236\" src=\"https:\/\/www.martherobin.com\/wp-content\/uploads\/2016\/09\/PICT1080-250x166.jpg\" alt=\"\" srcset=\"https:\/\/www.martherobin.com\/wp-content\/uploads\/2016\/09\/PICT1080-250x166.jpg 250w, https:\/\/www.martherobin.com\/wp-content\/uploads\/2016\/09\/PICT1080-768x511.jpg 768w, https:\/\/www.martherobin.com\/wp-content\/uploads\/2016\/09\/PICT1080-700x465.jpg 700w, https:\/\/www.martherobin.com\/wp-content\/uploads\/2016\/09\/PICT1080-120x80.jpg 120w\" sizes=\"auto, (max-width: 250px) 100vw, 250px\" \/><\/a>Le groupe de pri\u00e8re \u00ab\u00a0Prier avec Marthe Robin\u00a0\u00bb \u00e0 Clermont-Ferrand reprend \u00e0 l\u2019\u00e9glise Saint Joseph, rue Jeanne d\u2019Arc.<\/p>\n<p><u>Dates des rencontres le <span id=\"OBJ_PREFIX_DWT7697_com_zimbra_date\" class=\"Object\"><span id=\"OBJ_PREFIX_DWT7709_com_zimbra_date\" class=\"Object\">mercredi<\/span><\/span>\u00a0(de 15h \u00e0 16h15) :<\/u><\/p>\n<p><span id=\"OBJ_PREFIX_DWT7698_com_zimbra_date\" class=\"Object\"><span id=\"OBJ_PREFIX_DWT7710_com_zimbra_date\" class=\"Object\">15 f\u00e9vrier, 15<\/span><\/span> mars, <span id=\"OBJ_PREFIX_DWT7699_com_zimbra_date\" class=\"Object\"><span id=\"OBJ_PREFIX_DWT7711_com_zimbra_date\" class=\"Object\">19 avril, 17<\/span><\/span> mai, <span id=\"OBJ_PREFIX_DWT7700_com_zimbra_date\" class=\"Object\"><span id=\"OBJ_PREFIX_DWT7712_com_zimbra_date\" class=\"Object\">14 juin, 12<\/span><\/span> juillet, <span id=\"OBJ_PREFIX_DWT7701_com_zimbra_date\" class=\"Object\"><span id=\"OBJ_PREFIX_DWT7713_com_zimbra_date\" class=\"Object\">9 ao\u00fbt 2017<\/span><\/span><\/p>\n<p><u>Dates des rencontres le <span id=\"OBJ_PREFIX_DWT7702_com_zimbra_date\" class=\"Object\"><span id=\"OBJ_PREFIX_DWT7714_com_zimbra_date\" class=\"Object\">jeudi<\/span><\/span>\u00a0(de 20h30 \u00e0 21h45) :<\/u><\/p>\n<p><span id=\"OBJ_PREFIX_DWT7703_com_zimbra_date\" class=\"Object\"><span id=\"OBJ_PREFIX_DWT7715_com_zimbra_date\" class=\"Object\">16 f\u00e9vrier, 16<\/span><\/span> mars, <span id=\"OBJ_PREFIX_DWT7704_com_zimbra_date\" class=\"Object\"><span id=\"OBJ_PREFIX_DWT7716_com_zimbra_date\" class=\"Object\">20 avril, 18<\/span><\/span> mai, <span id=\"OBJ_PREFIX_DWT7705_com_zimbra_date\" class=\"Object\"><span id=\"OBJ_PREFIX_DWT7717_com_zimbra_date\" class=\"Object\">15 juin, 13<\/span><\/span> juillet, <span id=\"OBJ_PREFIX_DWT7706_com_zimbra_date\" class=\"Object\"><span id=\"OBJ_PREFIX_DWT7718_com_zimbra_date\" class=\"Object\">10 ao\u00fbt 2017<\/span><\/span><\/p>\n<p>Le groupe propose la pri\u00e8re du chapelet avec les paroles de Marthe, en union avec tous les p\u00e8res et membres des Foyers de Charit\u00e9.<br \/>\nBienvenue \u00e0 toutes et \u00e0 tous.<\/p>\n<p><b>Contacts :<\/b><\/p>\n<p><span id=\"OBJ_PREFIX_DWT7707_ZmEmailObjectHandler\" class=\"Object\"><span id=\"OBJ_PREFIX_DWT7719_ZmEmailObjectHandler\" class=\"Object\"><a href=\"&#109;&#x61;&#x69;l&#116;&#x6f;:&#112;&#x72;i&#101;&#x72;a&#118;&#x65;&#x63;&#109;&#x61;&#x74;h&#101;&#x72;o&#98;&#x69;n&#54;&#x33;&#x40;&#103;&#x6d;&#x61;i&#108;&#x2e;c&#111;&#x6d;\" target=\"_blank\" rel=\"noopener noreferrer\">&#112;&#x72;&#x69;e&#114;&#x61;v&#101;&#x63;&#x6d;a&#116;&#x68;e&#114;&#x6f;&#x62;i&#110;&#x36;3&#64;&#x67;&#x6d;&#97;&#105;&#x6c;&#46;&#99;&#x6f;&#x6d;<\/a><\/span><\/span><\/p>\n<p>Marie-Evelyne B\u00e9drune : 06 02 34 55 54 -04 63 08 14 13<\/p>\n<p>Chantal Perruche : 06 76 41 99 12<\/p>\n<p>Brigitte Thouvenot :\u00a0<span id=\"OBJ_PREFIX_DWT7708_ZmEmailObjectHandler\" class=\"Object\"><span id=\"OBJ_PREFIX_DWT7720_ZmEmailObjectHandler\" class=\"Object\"><a href=\"&#109;&#x61;&#105;&#x6c;t&#x6f;:&#99;&#x6c;&#116;&#x68;o&#x75;v&#101;&#x6e;&#111;&#x74;&#64;&#x6f;r&#97;&#x6e;&#103;&#x65;&#46;&#x66;r\" target=\"_blank\" rel=\"noopener noreferrer\">&#99;&#x6c;&#116;&#x68;o&#x75;v&#101;&#x6e;&#111;&#x74;&#64;&#x6f;r&#97;&#x6e;&#103;&#x65;&#46;&#x66;r<\/a><\/span><\/span><\/p>\n<p>&nbsp;<\/p>\n<h2><span class=\"actu-titre\">Prier \u00e0 B\u00e9ziers\u00a0avec Marthe Robin<\/span><\/h2>\n<p class=\"\"><u><a href=\"https:\/\/www.martherobin.com\/wp-content\/uploads\/2016\/09\/PICT1077-250x376.jpg\"><img loading=\"lazy\" decoding=\"async\" width=\"250\" height=\"376\" class=\"alignleft size-medium wp-image-4232\" src=\"https:\/\/www.martherobin.com\/wp-content\/uploads\/2016\/09\/PICT1077-250x376.jpg\" alt=\"\" srcset=\"https:\/\/www.martherobin.com\/wp-content\/uploads\/2016\/09\/PICT1077-250x376.jpg 250w, https:\/\/www.martherobin.com\/wp-content\/uploads\/2016\/09\/PICT1077-768x1155.jpg 768w, https:\/\/www.martherobin.com\/wp-content\/uploads\/2016\/09\/PICT1077-700x1053.jpg 700w, https:\/\/www.martherobin.com\/wp-content\/uploads\/2016\/09\/PICT1077-120x180.jpg 120w, https:\/\/www.martherobin.com\/wp-content\/uploads\/2016\/09\/PICT1077.jpg 2000w\" sizes=\"auto, (max-width: 250px) 100vw, 250px\" \/><\/a>Dates :<\/u><\/p>\n<p class=\"\">14 octobre, 11 novembre, 9 d\u00e9cembre 2015<br \/>\n13 janvier, 17 f\u00e9vrier, 9 mars, 13 avril, 11 mai et 15 juin 2016.<\/p>\n<p class=\"\">Les rencontres se d\u00e9roulent \u00e0 15h \u00e0 l\u2019\u00e9glise du Saint Cur\u00e9 d\u2019Ars \u2013 19 rue Auguste Renoir (B\u00e9ziers).<\/p>\n<p class=\"\">Temps de m\u00e9ditation suivi du chapelet m\u00e9dit\u00e9.<\/p>\n<p class=\"\"><u>Contacts :<\/u><\/p>\n<p class=\"\">Marie-Berthe Vanderspelden : 06 61 02 14 85<br \/>\nMarie-Claude Carola : 06 27 47 13 80<br \/>\nMarie Delaporte : 06 78 56 50 48<\/p>\n","protected":false},"excerpt":{"rendered":"Dans plusieurs villes de France, \u00e0 Paris, \u00e0 Clermont-Ferrand et \u00e0 B\u00e9ziers, des groupes de pri\u00e8re se sont constitu\u00e9s pour \u00ab\u00a0prier avec Marthe Robin\u00a0\u00bb Prier \u00e0 Paris avec Marthe Robin \u2013 dates des rencontres en 2016-2017 : Le groupe \u00ab\u00a0Prier \u00e0 Paris avec Marthe Robin\u00a0\u00bb se rassemble un mercredi par mois \u00e0 la paroisse St&#8230; <a class=\"view-article\" href=\"https:\/\/www.martherobin.com\/en\/2016\/10\/08\/groupes-de-priere-a-paris-clermont-ferrand-et-beziers\/\">View Article<\/a>","protected":false},"author":6,"featured_media":2904,"comment_status":"open","ping_status":"open","sticky":false,"template":"","format":"standard","meta":{"footnotes":""},"categories":[298],"tags":[],"class_list":["post-7707","post","type-post","status-publish","format-standard","has-post-thumbnail","hentry","category-groupes-de-priere-en"],"_links":{"self":[{"href":"https:\/\/www.martherobin.com\/en\/wp-json\/wp\/v2\/posts\/7707","targetHints":{"allow":["GET"]}}],"collection":[{"href":"https:\/\/www.martherobin.com\/en\/wp-json\/wp\/v2\/posts"}],"about":[{"href":"https:\/\/www.martherobin.com\/en\/wp-json\/wp\/v2\/types\/post"}],"author":[{"embeddable":true,"href":"https:\/\/www.martherobin.com\/en\/wp-json\/wp\/v2\/users\/6"}],"replies":[{"embeddable":true,"href":"https:\/\/www.martherobin.com\/en\/wp-json\/wp\/v2\/comments?post=7707"}],"version-history":[{"count":0,"href":"https:\/\/www.martherobin.com\/en\/wp-json\/wp\/v2\/posts\/7707\/revisions"}],"wp:featuredmedia":[{"embeddable":true,"href":"https:\/\/www.martherobin.com\/en\/wp-json\/wp\/v2\/media\/2904"}],"wp:attachment":[{"href":"https:\/\/www.martherobin.com\/en\/wp-json\/wp\/v2\/media?parent=7707"}],"wp:term":[{"taxonomy":"category","embeddable":true,"href":"https:\/\/www.martherobin.com\/en\/wp-json\/wp\/v2\/categories?post=7707"},{"taxonomy":"post_tag","embeddable":true,"href":"https:\/\/www.martherobin.com\/en\/wp-json\/wp\/v2\/tags?post=7707"}],"curies":[{"name":"wp","href":"https:\/\/api.w.org\/{rel}","templated":true}]}}